{"provider_url": "https://www.al.al.leg.br", "title": "Flexeiras", "html": "<p><img src=\"https://www.al.al.leg.br/municipios/Flexeiras-Bandeira.PNG/@@images/c1087f83-7233-4cfa-a191-13f1f0cfa964.png\" alt=\"Flexeiras-Bandeira\" class=\"image-inline\" title=\"Flexeiras-Bandeira\" /></p>\r\n<p>Data de 1915 o per\u00edodo que marcou praticamente o in\u00edcio da povoa\u00e7\u00e3o do local que mais viria a ser o munic\u00edpio de Flexeiras. Naquela \u00e9poca, uma fazenda existente no lugar onde hoje \u00e9 a sede municipal, passou por uma fase de grande desenvolvimento. Aumentou o n\u00famero de moradias e popula\u00e7\u00e3o, formando-se inclusive um pequeno com\u00e9rcio que ganhou propor\u00e7\u00f5es a medida que aumentava o aglomerado urbano. Em pouco tempo, apresentava-se com caracter\u00edsticas de um movimento povoado \u00e0 margem direita do rio Jitituba. O top\u00f4nimo primitivo foi Frecheiras, em virtude do grande n\u00famero de \u00e1rvores existentes na regi\u00e3o que botavam frechas semelhantes as da cana-de-a\u00e7ucar.</p>\r\n<p>N\u00e3o se sabe a raz\u00e3o porque foi mudado para Flexeiras. O munic\u00edpio ofere aos moradores e seus visitantes; a festa do padroeiro S\u00e3o Benedito (21 de outubro); Emanicipa\u00e7\u00e3o Pol\u00edtica (28 de abril); festejos carnavalescos e juninos.</p>\r\n<p><strong>Dados do Munic\u00edpio</strong></p>\r\n<p><strong><img src=\"https://www.al.al.leg.br/municipios/Flexeiras_mapa.png/@@images/0fffb889-514f-4632-beeb-93d3847841f8.png\" alt=\"\" class=\"image-inline\" title=\"\" /></strong></p>\r\n<p><strong></strong>Situa\u00e7\u00e3o Geogr\u00e1fica: <span>Mesorregi\u00e3o do Leste Alagoano.\u00a0</span>Microrregi\u00e3o da Mata Alagoana. Limites com Messias, S\u00e3o Luiz do Quitunde, Passo de Camaragibe, Joaquim Gomes, Uni\u00e3o dos Palmares, Murici, Ibateguara, Barra de Santo Ant\u00f4nio e Macei\u00f3.\u00a078 metros acima do n\u00edvel do mar.</p>\r\n<p>\u00c1rea:\u00a0333,233 km\u00b2</p>\r\n<p>Clima: Tropical quente e \u00famido. M\u00e1xima de 32\u00b0 C e m\u00ednima de 25\u00b0 C</p>\r\n<p>Gent\u00edlico: flexeirense</p>\r\n<p>Anivers\u00e1rio da cidade: 28 de abril</p>\r\n<p>Popula\u00e7\u00e3o estimada 2024:\u00a0<span>9.767</span>\u00a0habitantes</p>\r\n<p>Eleitorado:\u00a0<span>8.929</span> eleitores</p>\r\n<p>Prefeita:\u00a0<span>Silvana Maria Cavalcante da Costa Pinto</span>\u00a0(2025-2028)</p>\r\n<p>Site: <a class=\"external-link\" href=\"http://www.flexeiras.al.gov.br/\" target=\"_self\" title=\"\">www.flexeiras.al.gov.br</a></p>", "author_name": "", "version": "1.0", "author_url": "https://www.al.al.leg.br/author/vinicius", "provider_name": "Assembleia Legislativa de Alagoas", "type": "rich"}